{"id":502,"date":"2016-03-24T19:30:14","date_gmt":"2016-03-24T19:30:14","guid":{"rendered":"http:\/\/caminosantiago360.com\/?p=502"},"modified":"2016-05-25T14:25:21","modified_gmt":"2016-05-25T14:25:21","slug":"el-camino-de-santiago-en-el-cine","status":"publish","type":"post","link":"https:\/\/caminosantiago360.com\/en\/el-camino-de-santiago-en-el-cine\/","title":{"rendered":"El Camino de Santiago en el cine"},"content":{"rendered":"<!-- Go to www.addthis.com\/dashboard to customize your tools -->\r\n<script type=\"text\/javascript\" src=\"\/\/s7.addthis.com\/js\/300\/addthis_widget.js#pubid=ra-5714b9b3f1415568\"><\/script>\r\n\r\n<p style=\"text-align: justify;\">Por <strong>Jos\u00e9 S\u00e1nchez Mendoza<\/strong><\/p>\r\n<p style=\"text-align: justify;\">El <strong>Camino de Santiago<\/strong> lo tiene todo para ser un gran escenario f\u00edlmico: herencia hist\u00f3rica, belleza, espiritualidad e incluso una potente carga esot\u00e9rica. Sin embargo, la producci\u00f3n cinematogr\u00e1fica sobre la <strong>Ruta Jacobea<\/strong> no es ni muy abundante ni muy conocida. Quiz\u00e1 la causa sea la secular incapacidad espa\u00f1ola para vender bien lo nuestro. Nos pasa con el vino, con el aceite de oliva y tambi\u00e9n con el patrimonio cultural.<\/p>\r\n<p style=\"text-align: justify;\"><!--more--><\/p>\r\n<p style=\"text-align: justify;\">En cualquier caso, s\u00ed que hay un pu\u00f1ado de pel\u00edculas que tienen el Camino como tel\u00f3n de fondo. Las producciones hollywoodienses son las menos y adem\u00e1s tienden a regodearse en los peores t\u00f3picos y estereotipos sobre nuestro pa\u00eds (\u00bfa alguien le ha venido a la memoria el sonriente rostro de <strong>Tom Cruise<\/strong>?), pero entre la miasma tambi\u00e9n hay peque\u00f1as joyas a reivindicar. Aqu\u00ed van algunos ejemplos de cine peregrino:<\/p>\r\n<p style=\"text-align: justify;\"><\/p>\r\n<p style=\"text-align: justify;\"><span style=\"text-decoration: underline;\"><strong>El P\u00f3rtico de la Gloria <\/strong><\/span><strong>(1953<\/strong><strong>)<\/strong>: el famoso conjunto escult\u00f3rico rom\u00e1nico da nombre a este producto filmado a mayor gloria de <strong>Jos\u00e9 Mojica<\/strong>, toda una celebridad en los 50 y tan polivalente que igual te cantaba un bolero que te daba la Extremaunci\u00f3n (adem\u00e1s de actor y tenor, era cura).<\/p>\r\n<p style=\"text-align: justify;\"><strong>Argumento:<\/strong> El fraile mexicano Fray Jos\u00e9 de Guadalupe (Mojica) viaja a <strong>Espa\u00f1a<\/strong> con el orfe\u00f3n Infantil Mexicano con motivo del a\u00f1o Jacobeo. El orfe\u00f3n arrasa y se lo rifan en todo el pa\u00eds, mientras Fray Jos\u00e9 ejerce de mediador entre la ex cantante Pilar y su viejo amor Diego. Adem\u00e1s, Fray Jos\u00e9, del que ya se ha destacado su multifuncionalidad, hace de detective y averigua que uno de los ni\u00f1os del orfe\u00f3n, Jaime, es el hijo perdido de Pilar.<\/p>\r\n<p style=\"text-align: justify;\"><strong>\u00bfSe gana el Jubileo?<\/strong> Rodada en plena posguerra por Rafael J. Salvia (que una d\u00e9cada despu\u00e9s firmar\u00eda <em>Atraco a las tres<\/em>) es poco m\u00e1s que una f\u00e1bula de exaltaci\u00f3n religiosa con tintes de melodrama. Sin embargo, es imposible entender aquella Espa\u00f1a, entonces \u201creserva espiritual de Occidente\u201d sin el visionado de este tipo de pel\u00edculas. Adem\u00e1s, <strong>Lola Herrera<\/strong> aparece en uno de sus primeros papeles. Denle una oportunidad, aunque sea s\u00f3lo como documental involuntario. Y si les gusta, no se pierdan <em>Marcelino Pan y Vino<\/em>.<\/p>\r\nhttps:\/\/www.youtube.com\/watch?v=p7oHEtJlpSI\r\n<p style=\"text-align: justify;\"><\/p>\r\n<p style=\"text-align: justify;\"><span style=\"text-decoration: underline;\"><strong>El valle de las espadas<\/strong><\/span> <strong>(1962)<\/strong>: coproducci\u00f3n hispano-estadounidense de cierto lujo en cuanto a medios que intentaba subirse al carro de \u00e9xitos como <em>El Cid<\/em> de Anthony Mann. Ambientada en el siglo X, el elemento jacobeo est\u00e1 presente hasta el punto de incluir una aparici\u00f3n milagrosa del ap\u00f3stol <strong>Santiago<\/strong> en plena batalla cristiana contra la morisma.<\/p>\r\n<p style=\"text-align: justify;\"><strong>Argumento:<\/strong> adaptaci\u00f3n de la bell\u00edsima leyenda medieval que cuenta c\u00f3mo el conde Fern\u00e1n Gonz\u00e1lez consigue del rey Ramiro II de Le\u00f3n la independencia de <strong>Castilla<\/strong> a cambio de regalar al monarca un caballo y un azor.<\/p>\r\n<p style=\"text-align: justify;\"><strong>\u00bfSe gana el Jubileo?<\/strong> Ni Espartaco Santoni (que interpreta a Fern\u00e1n Gonz\u00e1lez) es <strong>Charlton Heston<\/strong> ni hab\u00eda ning\u00fan Samuel Bronston para producir, as\u00ed que esta \u00e9pica a la espa\u00f1ola se estrell\u00f3 en taquilla. Pero en<strong> Camino360\u00ba<\/strong> la reivindicamos. Hay batallas, intrigas y romance, y es el insigne Fernando Rey quien encarna al rey Ramiro. Adem\u00e1s, son pocas las pel\u00edculas que retraten nuestra fascinante Edad Media, otro semillero de grandes historias desaprovechado. Y en el t\u00edtulo hay espadas, otro punto a favor.<\/p>\r\nhttps:\/\/www.youtube.com\/watch?v=ywRx_d5YC-U\r\n<p style=\"text-align: justify;\"><\/p>\r\n<p style=\"text-align: justify;\"><strong><span style=\"text-decoration: underline;\">Cotolay (el ni\u00f1o y el lobo)<\/span> (1965)<\/strong>: Seguimos en el siempre atractivo <strong>Medievo<\/strong>, adonde el cineasta falangista Jos\u00e9 Antonio Nieves Conde (padre de la fundamental <em>Surcos<\/em>) nos traslada para contarnos las aventuras del travieso Cotolay.<\/p>\r\n<p style=\"text-align: justify;\"><strong>Argumento:<\/strong> Estamos en el muy caballeresco siglo XIII, el del inicio del g\u00f3tico, con la batalla de las Navas de Tolosa en ciernes. Tres frailes reciben del mismo Dios la orden de levantar el primer convento de la Orden Franciscana en tierras del Camino. Para esta tarea recibir\u00e1n la ayuda de Cotolay, un golfillo gallego m\u00e1s listo que el hambre, pero con un coraz\u00f3n m\u00e1s grande que la plaza del <strong>Obradoiro<\/strong>.<\/p>\r\n<p style=\"text-align: justify;\"><strong>\u00bfSe gana el Jubileo?<\/strong> Es un filme bienintencionado y tierno, para ver en familia, que cuenta adem\u00e1s con la presencia estelar de Vicente Parra (<em>Donde vas Alfonso XII, Nobleza baturra<\/em>). Como en <em>El P\u00f3rtico de la Gloria<\/em>, la religi\u00f3n es omnipresente en un filme que parece hecho para producir nuevos frailes como <em>Top Gun<\/em> produjo nuevos pilotos para las fuerzas a\u00e9reas yanquis. Si se ve sin prejuicios, son muy disfrutables las hermosas localizaciones y la cuidada ambientaci\u00f3n. \u00a1Y sale el <strong>Maestro Mateo<\/strong> en plena faena!<\/p>\r\nhttps:\/\/www.youtube.com\/watch?v=IgnhC3_jQxU\r\n<p style=\"text-align: justify;\"><\/p>\r\n<p style=\"text-align: justify;\"><strong><span style=\"text-decoration: underline;\">La v\u00eda l\u00e1ctea<\/span> (1969)<\/strong>: El Camino de Santiago se benefici\u00f3 del arte de <strong>Luis Bu\u00f1uel<\/strong> con esta \u2013como no pod\u00eda ser de otra manera- surrealista y personal\u00edsima obra, que se desarrolla a trav\u00e9s de una narrativa no lineal.<\/p>\r\n<p style=\"text-align: justify;\"><strong>Argumento:<\/strong> dos peregrinos franceses inician su traves\u00eda hacia <strong>Compostela,<\/strong> que acaba convirti\u00e9ndose en un viaje inici\u00e1tico en el que son testigo de las atrocidades, la sinraz\u00f3n y la crueldad del fanatismo religioso medieval.<\/p>\r\n<p style=\"text-align: justify;\"><strong>\u00bfSe gana el Jubileo?<\/strong> Un Bu\u00f1uel crepuscular da rienda suelta a sus obsesiones religiosas y a su osad\u00eda ideol\u00f3gica en una obra que apela a la inteligencia del espectador y le invita a formarse su propia opini\u00f3n sobre el hecho religioso. \u00bfQu\u00e9 m\u00e1s quieren, a <strong>Brad Pitt<\/strong>? \u00a1V\u00e9anla ya!<\/p>\r\nhttps:\/\/www.youtube.com\/watch?v=T2L44NvbgBA\r\n<p style=\"text-align: justify;\"><\/p>\r\n<p style=\"text-align: justify;\"><strong><span style=\"text-decoration: underline;\">Flor de santidad<\/span> (1973):<\/strong> Basada en una novela de Ram\u00f3n Mar\u00eda del Valle-Incl\u00e1n (quien, por cierto, muri\u00f3 en Santiago) nos retrotrae a la <strong>Galicia<\/strong> del siglo XIX, pobre y atrasada, para colocarnos un dram\u00f3n de los que se han de ver con un paquete de <strong>kleenex<\/strong> a mano.<\/p>\r\n<p style=\"text-align: justify;\"><strong>Argumento:<\/strong> los habitantes de un desangelado poblacho gallego se niegan a dar hospedaje a un peregrino y \u00e9ste no se contenta s\u00f3lo con maldecirles, sino que adem\u00e1s se beneficia a Adega, la m\u00e1s linda rapaza del lugar. Con las <strong>Guerras Carlistas<\/strong> en curso, no est\u00e1 el horno para bollos, y los aldeanos responden matando al caminante. La tragedia est\u00e1 servida.<\/p>\r\n<p style=\"text-align: justify;\"><strong>\u00bfSe gana el Jubileo?<\/strong> Adolfo Marsillach era un gran director de teatro, pero no encontr\u00f3 su camino con este material. Rodada con escasos medios, contiene escenas de cierta intensidad pero en conjunto se resiente de la falta de ritmo y un apartado musical que no convence. Es una pena que el personal\u00edsimo universo de <strong>Valle-Incl\u00e1n<\/strong> no haya encontrado a\u00fan su traducci\u00f3n cinematogr\u00e1fica.<\/p>\r\nhttps:\/\/www.youtube.com\/watch?v=6sQ-CKrVa-I\r\n<p style=\"text-align: justify;\"><\/p>\r\n<p style=\"text-align: justify;\"><strong><span style=\"text-decoration: underline;\">Galatasaray-Depor (One day in Europe)<\/span> (2005):<\/strong> Cinta alemana que cuenta cuatro historias paralelas que tienen lugar el d\u00eda de la inexistente final de la Liga de Campeones entre el Galatasaray turco y el Deportivo de la Coru\u00f1a (AKA <strong>SuperDepor<\/strong>), en Mosc\u00fa.<\/p>\r\n<p style=\"text-align: justify;\"><strong>Argumento:<\/strong> En Mosc\u00fa, Kate es desplumada en un barrio de mala nota; en Estambul, Rocco finge un robo para estafar a su aseguradora; en <strong>Berl\u00edn<\/strong>, Claude y Rachida tambi\u00e9n intentan timar al seguro escenificando un atraco\u2026 y en la Plaza de Quintana compostelana, al taciturno peregrino h\u00fangaro Gabor le sustraen su valiosa c\u00e1mara de fotos. Cuatro casos de choriceo en cuatro distantes puntos del Viejo Continente que dar\u00e1n pie a todo tipo de situaciones absurdas mientras Europa vibra con una final\u00edsima futbolera que \u2013lo sentimos, blanquiazules- jam\u00e1s tuvo lugar.<\/p>\r\n<p style=\"text-align: justify;\"><strong>\u00bfSe gana el Jubileo?<\/strong> La peli es simpatiquilla y hace sangre a costa de la incomunicaci\u00f3n reinante en la Europa \u201cunida\u201d. El inmenso Luis Tosar propicia el momento m\u00e1s desternillante al liderar un <strong>mot\u00edn<\/strong> de forofos gallegos retenidos en una comisar\u00eda moscovita que exigen una tele para ver el partido. \u201cPero mira que sodes fillos de p&amp;%#, \u00bfeh?\u201d.<\/p>\r\nhttps:\/\/www.youtube.com\/watch?v=wY2WvA8_NaM\r\n<p style=\"text-align: justify;\"><\/p>\r\n<p style=\"text-align: justify;\"><strong><span style=\"text-decoration: underline;\">Saint-Jacques\u2026 la Mecque (Peregrinos)<\/span> (2005):<\/strong> La francesa Coline Serreau, que dio el pelotazo en su d\u00eda con <em>Tres solteros y un biber\u00f3n<\/em>, retrata a un grupo de personajes inmaduros y ego\u00edstas \u2013su especialidad- que hacen el <strong>Camino<\/strong> por motivos esp\u00fareos.<\/p>\r\n<p style=\"text-align: justify;\"><strong>Argumento:<\/strong> a la muerte de su madre, tres hermanos reciben la noticia de que s\u00f3lo cobrar\u00e1n la herencia si realizan juntos un peregrinaje desde Le-Puy-En-Velay (<strong>Francia<\/strong>) hasta Santiago. El problema es que se profesan un muy fraternal odio mutuo y encima no les gusta caminar, ambos requisitos indispensables para pasarlas canutas en la Ruta Jacobea. Pero el dinero tira m\u00e1s que dos carretas y se ponen en marcha.<\/p>\r\n<p style=\"text-align: justify;\"><strong>\u00bfSe gana el Jubileo?<\/strong> Tres hermanos emprenden el Camino de Santiago, en principio por pura ganancia econ\u00f3mica, m\u00e1s tarde por la reconciliaci\u00f3n y la redenci\u00f3n. Comedieta con pretensiones que contiene algunas escenas on\u00edricas con \u00ednfulas bu\u00f1uelianas (ver <em>La V\u00eda L\u00e1ctea<\/em>). Prescindible.<\/p>\r\nhttps:\/\/www.youtube.com\/watch?v=PwURsx36SQc\r\n<p style=\"text-align: justify;\"><\/p>\r\n<p style=\"text-align: justify;\"><strong><span style=\"text-decoration: underline;\">Gisaku<\/span> (2005)<\/strong>: 80 minutos de animaci\u00f3n de aventuras a la espa\u00f1ola para un film creado con el objetivo de promocionar Espa\u00f1a como destino tur\u00edstico en la <strong>Exposici\u00f3n Universal de Aichi<\/strong> (Jap\u00f3n) de 2005.<\/p>\r\n<p style=\"text-align: justify;\"><strong>Argumento:<\/strong> el <strong>samur\u00e1i<\/strong> Yohei lleva 400 a\u00f1os confinado en las catacumbas de Sevilla, sin subir a hacerle fotos a la Giralda ni nada, esperando para poder completar su misi\u00f3n sagrada: proteger la llave de <strong>Izanagi<\/strong>, que permite la entrada a los infiernos. Junto a sus amigos Ricky, Gisaku, Linceto y Moira deber\u00e1 encontrar las piezas de la llave para frustrar los planes del malvado Gorkan. Para ello recorrer\u00e1n toda Espa\u00f1a, desde Sevilla a Barcelona pasando, por supuesto, por diversos enclaves del Camino.<\/p>\r\n<p style=\"text-align: justify;\"><strong>\u00bfSe gana el Jubileo?<\/strong> Es la Gu\u00eda Campsa hecha pel\u00edcula. Todo en el gui\u00f3n est\u00e1 subordinado a ofrecer una imagen id\u00edlica de la Espa\u00f1a pre-crisis: adelantos tecnol\u00f3gicos y de I+D (\u00a1!), hermosas villas hist\u00f3ricas, ciudadanos amables y cultos, buena comida\u2026 Aunque la cinta es entretenidilla, la animaci\u00f3n estilo Manga es acartonada y no muy brillante y el gui\u00f3n es de traca. Salvamos de la quema a Linceto, h\u00edbrido de humano y <strong>lince<\/strong> ib\u00e9rico. El Lobezno patrio.<\/p>\r\nhttps:\/\/www.youtube.com\/watch?v=ku7cWYZAX3c\r\n<p style=\"text-align: justify;\"><\/p>\r\n<p style=\"text-align: justify;\"><strong><span style=\"text-decoration: underline;\">The Way<\/span> (2010):<\/strong> El legendario Martin Sheen, que sobrecogi\u00f3 al mundo en su periplo a trav\u00e9s de la selva vietnamita en <em>Apocalypse Now<\/em>, se pone a las \u00f3rdenes de su hijo <strong>Emilio Est\u00e9vez<\/strong> para embarcarse por segunda vez en un viaje m\u00edstico: el Camino de Santiago.<\/p>\r\n<p style=\"text-align: justify;\"><strong>Argumento:<\/strong> El oftalm\u00f3logo estadounidense Tom Avery (Sheen) recibe la noticia de que su hijo Daniel ha muerto en los<strong> Pirineos<\/strong> durante su traves\u00eda hacia Compostela. Tom decide calzarse las botas y reanudar la ruta donde la hab\u00eda dejado el malogrado Daniel, llev\u00e1ndose sus cenizas.<\/p>\r\n<p style=\"text-align: justify;\"><strong>\u00bfSe gana el Jubileo?<\/strong> Hacia la mitad de la pel\u00edcula, el protagonista llega a Burgos, y como all\u00ed no hay vietcongs pero s\u00ed gitanos estereotipados, a \u00e9ste tambi\u00e9n le roban. Con tanto delito en los filmes sobre el Camino, los yanquis van a acabar pensando que la Ruta Jacobea es m\u00e1s peligrosa que la periferia de <strong>Detroit<\/strong>. Menos mal que se impone la cordura y Tom termina uni\u00e9ndose a una fiesta cal\u00e9 gracias a un patriarca que le habla en perfecto ingl\u00e9s. El resto se lo pueden imaginar: t\u00f3picos y m\u00e1s t\u00f3picos, mucha sensibler\u00eda de baratillo y poco m\u00e1s. A ojos de un espa\u00f1ol, el filme se termina convirtiendo en una involuntaria comedia (ese posadero navarro que torea con los manteles\u2026). Sres. Sheen: mejor vayan a buscar al coronel <strong>Kurtz<\/strong>.<\/p>\r\nhttps:\/\/www.youtube.com\/watch?v=o5VZKWcgw6c\r\n<p style=\"text-align: justify;\"><\/p>\r\n<p style=\"text-align: justify;\"><strong><span style=\"text-decoration: underline;\">Ich bin dann mal weg<\/span> (2015)<\/strong>: Terminamos nuestro peregrinaje f\u00edlmico con una menci\u00f3n a esta pel\u00edcula, cuyo t\u00edtulo en alem\u00e1n significa algo as\u00ed como \u201cBueno, me largo\u201d. Basada en el libro hom\u00f3nimo escrito por el humorista Harpe Kirkeling, cuenta c\u00f3mo el artista decide abjurar de su vida de excesos y buscarse a s\u00ed mismo emprendiendo el Camino de Santiago. En Alemania ha sido un fen\u00f3meno y ya s\u00f3lo queda esperar que llegue a nuestros cines para ver si es uno de esas raras cintas que hacen justicia al itinerario que vertebr\u00f3 <strong>Europa<\/strong>.<\/p>\r\nhttps:\/\/www.youtube.com\/watch?v=XCXT32gG9K0","protected":false},"excerpt":{"rendered":"<p>Por Jos\u00e9 S\u00e1nchez Mendoza El Camino de Santiago lo tiene todo para ser un gran escenario f\u00edlmico: herencia hist\u00f3rica, belleza, espiritualidad e incluso una potente carga esot\u00e9rica. Sin embargo, la producci\u00f3n cinematogr\u00e1fica sobre la Ruta Jacobea no es ni muy abundante ni muy conocida. Quiz\u00e1 la causa sea la secular incapacidad espa\u00f1ola para vender bien [&hellip;]<\/p>\n","protected":false},"author":1,"featured_media":18338,"comment_status":"open","ping_status":"closed","sticky":false,"template":"","format":"standard","meta":{"_monsterinsights_skip_tracking":false,"_monsterinsights_sitenote_active":false,"_monsterinsights_sitenote_note":"","_monsterinsights_sitenote_category":0},"categories":[3],"tags":[80,79,83,82,84,81],"_links":{"self":[{"href":"https:\/\/caminosantiago360.com\/en\/wp-json\/wp\/v2\/posts\/502"}],"collection":[{"href":"https:\/\/caminosantiago360.com\/en\/wp-json\/wp\/v2\/posts"}],"about":[{"href":"https:\/\/caminosantiago360.com\/en\/wp-json\/wp\/v2\/types\/post"}],"author":[{"embeddable":true,"href":"https:\/\/caminosantiago360.com\/en\/wp-json\/wp\/v2\/users\/1"}],"replies":[{"embeddable":true,"href":"https:\/\/caminosantiago360.com\/en\/wp-json\/wp\/v2\/comments?post=502"}],"version-history":[{"count":3,"href":"https:\/\/caminosantiago360.com\/en\/wp-json\/wp\/v2\/posts\/502\/revisions"}],"predecessor-version":[{"id":18337,"href":"https:\/\/caminosantiago360.com\/en\/wp-json\/wp\/v2\/posts\/502\/revisions\/18337"}],"wp:featuredmedia":[{"embeddable":true,"href":"https:\/\/caminosantiago360.com\/en\/wp-json\/wp\/v2\/media\/18338"}],"wp:attachment":[{"href":"https:\/\/caminosantiago360.com\/en\/wp-json\/wp\/v2\/media?parent=502"}],"wp:term":[{"taxonomy":"category","embeddable":true,"href":"https:\/\/caminosantiago360.com\/en\/wp-json\/wp\/v2\/categories?post=502"},{"taxonomy":"post_tag","embeddable":true,"href":"https:\/\/caminosantiago360.com\/en\/wp-json\/wp\/v2\/tags?post=502"}],"curies":[{"name":"wp","href":"https:\/\/api.w.org\/{rel}","templated":true}]}}