{"id":474,"date":"2016-03-16T16:03:20","date_gmt":"2016-03-16T16:03:20","guid":{"rendered":"http:\/\/caminosantiago360.com\/?p=474"},"modified":"2016-05-30T14:10:10","modified_gmt":"2016-05-30T14:10:10","slug":"historia-del-camino-de-santiago","status":"publish","type":"post","link":"https:\/\/caminosantiago360.com\/en\/historia-del-camino-de-santiago\/","title":{"rendered":"Historia del Camino de Santiago. Or\u00edgenes"},"content":{"rendered":"<!-- Go to www.addthis.com\/dashboard to customize your tools -->\r\n<script type=\"text\/javascript\" src=\"\/\/s7.addthis.com\/js\/300\/addthis_widget.js#pubid=ra-5714b9b3f1415568\"><\/script>\r\n\r\nPor <strong>Jos\u00e9 S\u00e1nchez Mendoza<\/strong>\r\n\r\nEl <strong>Camino de Santiago<\/strong> surgi\u00f3 en la \u00e9poca m\u00e1s oscura de la <strong>Edad Media<\/strong> para convertirse en el eje vertebrador de Europa. Con el devenir de los siglos, la ruta jacobea floreci\u00f3 hasta llegar a ser la matriz donde conflu\u00edan ideas, gentes, mercanc\u00edas y expresiones art\u00edsticas de todo el Occidente cristiano. Los or\u00edgenes de sus doce siglos de Historia est\u00e1n ba\u00f1ados por las nieblas del mito, al que las investigaciones hist\u00f3ricas arrojan luz s\u00f3lo parcialmente.\r\n\r\n<!--more-->\r\n\r\n<a href=\"http:\/\/caminosantiago360.com\/wp-content\/uploads\/2016\/03\/hito-con-concha.jpg\" rel=\"attachment wp-att-478\"><img class=\"alignleft size-full wp-image-478\" src=\"http:\/\/caminosantiago360.com\/wp-content\/uploads\/2016\/03\/hito-con-concha.jpg\" alt=\"El Camino est\u00e1 sembrado de hitos\" width=\"275\" height=\"183\" \/><\/a>\r\n\r\nPara entender las ra\u00edces m\u00e1s profundas del Camino de Santiago hemos de remontarnos, c\u00f3mo no, a la figura del ap\u00f3stol <strong>Santiago el Mayor<\/strong>, que seg\u00fan la Biblia fue, junto a Pedro y Juan, el disc\u00edpulo m\u00e1s cercano a <strong>Jes\u00fas<\/strong> y part\u00edcipe de los momentos m\u00e1s importantes de la vida de \u00e9ste.\r\n\r\nSeg\u00fan el<em> Breviarium Apostolorum<\/em> y los escritos de autores como Beda Venerabilis y <strong>Beato de Li\u00e9bana<\/strong> -textos todos ellos muy posteriores a la vida del ap\u00f3stol- tras la muerte y posterior resurrecci\u00f3n de <strong>Cristo<\/strong> Santiago viaj\u00f3 a Hispania con la intenci\u00f3n de predicar la palabra de su maestro entre los habitantes de la pen\u00ednsula, entonces provincia romana. Cumplida su misi\u00f3n, regres\u00f3 a Tierra Santa, donde en el a\u00f1o 44 acab\u00f3 ejecutado. Se le cort\u00f3 la cabeza por orden de Herodes Agripa I, rey de los jud\u00edos y nieto del Herodes al que la tradici\u00f3n se\u00f1ala como culpable de la matanza de los inocentes.\r\n\r\n<div id=\"attachment_480\" style=\"width: 310px\" class=\"wp-caption alignright\"><a href=\"http:\/\/caminosantiago360.com\/wp-content\/uploads\/2016\/03\/Santiago-apostol.jpg\" rel=\"attachment wp-att-480\"><img aria-describedby=\"caption-attachment-480\" class=\"size-medium wp-image-480\" src=\"http:\/\/caminosantiago360.com\/wp-content\/uploads\/2016\/03\/Santiago-apostol-300x225.jpg\" alt=\"El ap\u00f3stol Santiago\" width=\"300\" height=\"225\" \/><\/a><p id=\"caption-attachment-480\" class=\"wp-caption-text\">El ap\u00f3stol Santiago<\/p><\/div>\r\n\r\nPero la aventura de Santiago no termina con su muerte. El <em>C\u00f3dice Calixtino<\/em> y la <em>Legenda \u00c1urea<\/em> legaron el fant\u00e1stico relato del traslado del cuerpo decapitado del ap\u00f3stol de vuelta a Hispania, a bordo de un nav\u00edo tripulado por \u00e1ngeles. El barco lleg\u00f3 hasta Gallaecia (actual <strong>Galicia<\/strong>), donde el cad\u00e1ver encontrar\u00eda finalmente reposo con su sepultura en el monte Liberum Donum.\r\n\r\nEntre los estudiosos hay opiniones encontradas sobre la historicidad de la presencia de Santiago en Espa\u00f1a. No hay consenso ni sobre la veracidad de su viaje evangelizador ni sobre el aut\u00e9ntico lugar donde descansan sus restos. En cualquier caso, despu\u00e9s de su sepultura la tradici\u00f3n salta ochocientos a\u00f1os y nos sit\u00faa en pleno siglo VIII, con la pen\u00ednsula convertida en tierra de disputa entre cristianos y musulmanes. En esta confusa \u00e9poca un humilde ermita\u00f1o llamado <strong>Pelayo<\/strong> divisa en el cielo un fulgor divino que le conduce al lugar de enterramiento.\r\n\r\nEl eremita se apresura a informar a Teodomiro, obispo de Iria, sobre el hallazgo, y pronto el mismo rey <strong>Alfonso II el Casto<\/strong>, soberano de Asturias, ordena erigir un templo sobre el sagrado cuerpo. La tumba, real o no, hab\u00eda salido de las sombras del olvido para entrar por la puerta grande en la Historia del Cristianismo y de <strong>Europa<\/strong>.\r\n\r\nEl propio monarca se convirti\u00f3 en el primer peregrino del Camino, al acudir junto a su s\u00e9quito desde Oviedo hasta <strong>Compostela<\/strong> para rendir homenaje al ap\u00f3stol, inaugurando la ruta que hoy se conoce como <strong>Camino Primitivo<\/strong>. Se abr\u00eda entonces una senda que perdurar\u00eda m\u00e1s de un milenio, y que ser\u00eda hollada por arist\u00f3cratas y campesinos; por reyes y vagabundos; por erudito y analfabetos. El Camino de Santiago trascender\u00eda el hecho religioso para transformarse en un itinerario cultural y una experiencia de vida.\r\n\r\nHoy, en la era de <strong>Internet<\/strong>, el Camino hermana al m\u00e1s fervoroso cat\u00f3lico con el m\u00e1s descre\u00eddo de los ateos. A\u00f1o tras a\u00f1o, millones de personas de todos los continentes y todas las razas se embarcan en una traves\u00eda universal que termina al atravesar el <strong>P\u00f3rtico de la Gloria<\/strong>, pero que comienza con una pulsi\u00f3n nacida en lo m\u00e1s profundo de la cultura occidental: la llamada jacobea. Siempre hacia el Oeste, hacia el conf\u00edn del mundo. As\u00ed ha sido durante 1.200 a\u00f1os. Y as\u00ed seguir\u00e1 siendo mucho tiempo m\u00e1s.\r\n\r\n&nbsp;\r\n\r\n<a href=\"http:\/\/caminosantiago360.com\/wp-content\/uploads\/2016\/03\/botas-hito-y-concha.jpg\" rel=\"attachment wp-att-483\"><img class=\"size-medium wp-image-483 aligncenter\" src=\"http:\/\/caminosantiago360.com\/wp-content\/uploads\/2016\/03\/botas-hito-y-concha-300x198.jpg\" alt=\"botas hito y concha del camino de Santiago\" width=\"300\" height=\"198\" \/><\/a>","protected":false},"excerpt":{"rendered":"<p>Por Jos\u00e9 S\u00e1nchez Mendoza El Camino de Santiago surgi\u00f3 en la \u00e9poca m\u00e1s oscura de la Edad Media para convertirse en el eje vertebrador de Europa. Con el devenir de los siglos, la ruta jacobea floreci\u00f3 hasta llegar a ser la matriz donde conflu\u00edan ideas, gentes, mercanc\u00edas y expresiones art\u00edsticas de todo el Occidente cristiano. [&hellip;]<\/p>\n","protected":false},"author":1,"featured_media":18330,"comment_status":"open","ping_status":"closed","sticky":false,"template":"","format":"standard","meta":{"_monsterinsights_skip_tracking":false,"_monsterinsights_sitenote_active":false,"_monsterinsights_sitenote_note":"","_monsterinsights_sitenote_category":0},"categories":[3],"tags":[],"_links":{"self":[{"href":"https:\/\/caminosantiago360.com\/en\/wp-json\/wp\/v2\/posts\/474"}],"collection":[{"href":"https:\/\/caminosantiago360.com\/en\/wp-json\/wp\/v2\/posts"}],"about":[{"href":"https:\/\/caminosantiago360.com\/en\/wp-json\/wp\/v2\/types\/post"}],"author":[{"embeddable":true,"href":"https:\/\/caminosantiago360.com\/en\/wp-json\/wp\/v2\/users\/1"}],"replies":[{"embeddable":true,"href":"https:\/\/caminosantiago360.com\/en\/wp-json\/wp\/v2\/comments?post=474"}],"version-history":[{"count":3,"href":"https:\/\/caminosantiago360.com\/en\/wp-json\/wp\/v2\/posts\/474\/revisions"}],"predecessor-version":[{"id":17899,"href":"https:\/\/caminosantiago360.com\/en\/wp-json\/wp\/v2\/posts\/474\/revisions\/17899"}],"wp:featuredmedia":[{"embeddable":true,"href":"https:\/\/caminosantiago360.com\/en\/wp-json\/wp\/v2\/media\/18330"}],"wp:attachment":[{"href":"https:\/\/caminosantiago360.com\/en\/wp-json\/wp\/v2\/media?parent=474"}],"wp:term":[{"taxonomy":"category","embeddable":true,"href":"https:\/\/caminosantiago360.com\/en\/wp-json\/wp\/v2\/categories?post=474"},{"taxonomy":"post_tag","embeddable":true,"href":"https:\/\/caminosantiago360.com\/en\/wp-json\/wp\/v2\/tags?post=474"}],"curies":[{"name":"wp","href":"https:\/\/api.w.org\/{rel}","templated":true}]}}